{"id":1311,"date":"2025-12-06T17:44:50","date_gmt":"2025-12-06T17:44:50","guid":{"rendered":"https:\/\/dogons.org\/?p=1311"},"modified":"2026-04-18T08:22:48","modified_gmt":"2026-04-18T08:22:48","slug":"masque-ngil-la-bataille-pour-la-restitution-du-tresor-sacre","status":"publish","type":"post","link":"https:\/\/dogons.org\/index.php\/2025\/12\/06\/masque-ngil-la-bataille-pour-la-restitution-du-tresor-sacre\/","title":{"rendered":"Masque Ngil : la bataille pour la restitution du tr\u00e9sor sacr\u00e9"},"content":{"rendered":"<blockquote class=\"border-l-4 pl-4 italic text-lg text-gray-700 mb-6\"><p>Le masque Ngil, tr\u00e9sor sacr\u00e9 du peuple fang, est au c\u0153ur d\u2019un combat pour sa restitution. Histoire, enjeux juridiques et d\u00e9bat culturel : tout comprendre sur cette affaire embl\u00e9matique du patrimoine africain.<\/p><\/blockquote>\n<section class=\"prose prose-lg max-w-none mt-8\">\n<div>\n<p>Depuis plusieurs ann\u00e9es, le masque Ngil (pi\u00e8ce rare et sacr\u00e9e du peuple fang) se trouve au c\u0153ur d\u2019un d\u00e9bat br\u00fblant autour de la restitution du patrimoine africain. Lorsque ce masque a \u00e9t\u00e9 vendu aux ench\u00e8res en France pour plusieurs millions d\u2019euros, un collectif franco-gabonais s\u2019est mobilis\u00e9 pour d\u00e9noncer une vente jug\u00e9e ill\u00e9gitime et moralement probl\u00e9matique.<\/p>\n<p>Au-del\u00e0 d\u2019une simple affaire d\u2019art, cette controverse r\u00e9v\u00e8le des enjeux culturels, juridiques et \u00e9thiques majeurs. Pourquoi ce masque est-il si important ? Et que revendiquent exactement les d\u00e9fenseurs de sa restitution ?<\/p>\n<h2><strong>Qu\u2019est-ce que le masque Ngil ? Un objet rituel et non un objet d\u2019art<\/strong><\/h2>\n<p>Le masque Ngil appartient \u00e0 la tradition fang, pr\u00e9sente au Gabon, au Cameroun et en Guin\u00e9e \u00e9quatoriale. \u00c0 l\u2019origine, il n\u2019\u00e9tait jamais destin\u00e9 \u00e0 \u00eatre expos\u00e9 ni commercialis\u00e9. C\u2019\u00e9tait un objet rituel utilis\u00e9 par la soci\u00e9t\u00e9 secr\u00e8te Ngil, dont la mission consistait \u00e0 :<\/p>\n<ul>\n<li>faire respecter la justice coutumi\u00e8re<\/li>\n<li>prot\u00e9ger la communaut\u00e9 contre les crimes occultes<\/li>\n<li>conduire certains rites d\u2019initiation<\/li>\n<li>repr\u00e9senter l\u2019autorit\u00e9 spirituelle et l\u2019\u00e9quilibre social<\/li>\n<\/ul>\n<p>Ces masques, souvent recouverts de kaolin blanc, symbolisent le lien avec les anc\u00eatres. Certains contiennent m\u00eame des mati\u00e8res humaines, ce qui leur conf\u00e8re une dimension sacr\u00e9e et fun\u00e9raire.<\/p>\n<p>C\u2019est pr\u00e9cis\u00e9ment ce caract\u00e8re sacr\u00e9 que les d\u00e9fenseurs de la restitution souhaitent faire reconna\u00eetre.<\/p>\n<h2><strong>La vente qui a tout d\u00e9clench\u00e9<\/strong><\/h2>\n<p>En 2022, un masque Ngil a \u00e9t\u00e9 vendu aux ench\u00e8res \u00e0 Montpellier pour plus de 4 millions d\u2019euros. Le probl\u00e8me ?<\/p>\n<ul>\n<li>La provenance coloniale de l\u2019objet<\/li>\n<li>Son statut d\u2019objet rituel, jamais destin\u00e9 \u00e0 quitter sa communaut\u00e9<\/li>\n<li>Le caract\u00e8re sacr\u00e9 et fun\u00e9raire qui, selon les opposants, rend sa vente contraire \u00e0 l\u2019\u00e9thique<\/li>\n<li>L\u2019absence de consentement des communaut\u00e9s fang dans cette mise en circulation<\/li>\n<\/ul>\n<p>Lors de la vente, des militants ont m\u00eame interrompu la s\u00e9ance pour d\u00e9noncer publiquement ce qu\u2019ils consid\u00e8rent comme une spoliation.<\/p>\n<h2><strong>Le r\u00f4le du Collectif Gabon-Occitanie : un combat pour la dignit\u00e9 culturelle<\/strong><\/h2>\n<p>Suite \u00e0 l\u2019ench\u00e8re, le Collectif Gabon-Occitanie s\u2019est saisi du dossier. Ses objectifs :<\/p>\n<ul>\n<li>faire reconna\u00eetre l\u2019origine sacr\u00e9e du masque<\/li>\n<li>emp\u00eacher d\u2019autres ventes similaires<\/li>\n<li>obtenir la restitution de l\u2019objet \u00e0 la communaut\u00e9 fang<\/li>\n<li>sensibiliser l\u2019opinion fran\u00e7aise \u00e0 la question du patrimoine africain spoli\u00e9<\/li>\n<\/ul>\n<p>Le collectif m\u00e8ne un travail de terrain : interventions publiques, actions de sensibilisation, prise de contact avec les acheteurs potentiels, d\u00e9marches l\u00e9gales et m\u00e9diatiques.<\/p>\n<p>Il ne s\u2019agit pas d\u2019un simple d\u00e9bat \u00e9conomique. Pour les membres du collectif, d\u00e9fendre le masque Ngil revient \u00e0 d\u00e9fendre le respect des cultures, des rites et de l\u2019histoire des peuples africains.<\/p>\n<h2><strong>Un enjeu juridique complexe<\/strong><\/h2>\n<p>L\u2019affaire soul\u00e8ve des questions d\u00e9licates :<\/p>\n<h3><strong>1. La pr\u00e9sence possible de mati\u00e8res humaines<\/strong><\/h3>\n<p>Dans ce cas, la vente pourrait th\u00e9oriquement enfreindre le code p\u00e9nal fran\u00e7ais.<br \/>\nMais la preuve formelle reste difficile \u00e0 \u00e9tablir.<\/p>\n<h3><strong>2. La propri\u00e9t\u00e9 traditionnelle<\/strong><\/h3>\n<p>Dans le droit coutumier fang, le masque appartient uniquement \u00e0 la soci\u00e9t\u00e9 Ngil.<br \/>\nIl n\u2019a pas le droit d\u2019\u00eatre vendu, donn\u00e9 ou export\u00e9.<\/p>\n<h3><strong>3. Le statut des biens priv\u00e9s<\/strong><\/h3>\n<p>En France, m\u00eame si un objet est d\u2019origine coloniale, un particulier a l\u00e9galement le droit de le vendre.<br \/>\nC\u2019est l\u00e0 tout le n\u0153ud du probl\u00e8me.<\/p>\n<h3><strong>4. L\u2019absence de cadre clair pour les restitutions priv\u00e9es<\/strong><\/h3>\n<p>La loi fran\u00e7aise encadre uniquement la restitution des objets d\u00e9tenus par les mus\u00e9es publics, pas ceux des collectionneurs.<\/p>\n<p>Cette affaire pourrait donc cr\u00e9er un pr\u00e9c\u00e9dent et pousser le l\u00e9gislateur \u00e0 encadrer davantage la circulation d\u2019objets sacr\u00e9s issus de contextes coloniaux.<\/p>\n<h2><strong>Un symbole plus large : la question de la restitution du patrimoine africain<\/strong><\/h2>\n<p>Le masque Ngil n\u2019est qu\u2019un exemple parmi des milliers d\u2019objets africains conserv\u00e9s dans des collections europ\u00e9ennes. Mais il cristallise plusieurs enjeux :<\/p>\n<ul>\n<li>r\u00e9parer les injustices h\u00e9rit\u00e9es de la colonisation<\/li>\n<li>replacer les communaut\u00e9s africaines au c\u0153ur de leur patrimoine<\/li>\n<li>r\u00e9\u00e9quilibrer les r\u00e9cits historiques<\/li>\n<li>repenser l\u2019\u00e9thique du march\u00e9 de l\u2019art<\/li>\n<\/ul>\n<p>Pour beaucoup, restituer un objet sacr\u00e9 n\u2019est pas un geste politique, mais un acte de justice culturelle et humaine.<\/p>\n<h2><strong>Conclusion<\/strong><\/h2>\n<p>L\u2019affaire du masque Ngil r\u00e9v\u00e8le un d\u00e9bat beaucoup plus vaste que la simple vente d\u2019un objet ancien. Elle interroge la mani\u00e8re dont les soci\u00e9t\u00e9s europ\u00e9ennes consid\u00e8rent les cultures africaines, leur spiritualit\u00e9 et leur m\u00e9moire.<\/p>\n<p>Le combat du Collectif Gabon-Occitanie rappelle qu\u2019un objet peut \u00eatre bien plus qu\u2019une pi\u00e8ce d\u2019art : il peut \u00eatre un lien avec les anc\u00eatres, une source d\u2019identit\u00e9 et un symbole de justice.<\/p>\n<p>Restitu\u00e9 ou non, le masque Ngil aura au moins permis de relancer une discussion essentielle : celle du respect des patrimoines vivants et de la dignit\u00e9 des cultures dont ils sont issus.<\/p>\n<p>&nbsp;<\/p>\n<\/div>\n<p>Source: Afronex &#8211; https:\/\/www.afronex.com<\/p>\n<\/section>\n","protected":false},"excerpt":{"rendered":"<p>Le masque Ngil, tr\u00e9sor sacr\u00e9 du peuple fang, est au c\u0153ur d\u2019un combat pour sa restitution. Histoire, enjeux juridiques et&hellip;<\/p>\n","protected":false},"author":1,"featured_media":1312,"comment_status":"open","ping_status":"closed","sticky":false,"template":"","format":"standard","meta":{"footnotes":""},"categories":[7],"tags":[],"class_list":["post-1311","post","type-post","status-publish","format-standard","has-post-thumbnail","hentry","category-arts"],"yoast_head":"<!-- This site is optimized with the Yoast SEO plugin v27.4 - https:\/\/yoast.com\/product\/yoast-seo-wordpress\/ -->\n<title>Masque Ngil : la bataille pour la restitution du tr\u00e9sor sacr\u00e9 - Les Dogons du Togo<\/title>\n<meta name=\"description\" content=\"Depuis plusieurs ann\u00e9es, le masque Ngil (du peuple fang) se trouve au c\u0153ur d\u2019un d\u00e9bat br\u00fblant autour de la restitution du patrimoine africain.\" \/>\n<meta name=\"robots\" content=\"index, follow, max-snippet:-1, max-image-preview:large, max-video-preview:-1\" \/>\n<link rel=\"canonical\" href=\"https:\/\/dogons.org\/index.php\/2025\/12\/06\/masque-ngil-la-bataille-pour-la-restitution-du-tresor-sacre\/\" \/>\n<meta property=\"og:locale\" content=\"fr_FR\" \/>\n<meta property=\"og:type\" content=\"article\" \/>\n<meta property=\"og:title\" content=\"Masque Ngil : la bataille pour la restitution du tr\u00e9sor sacr\u00e9 - Les Dogons du Togo\" \/>\n<meta property=\"og:description\" content=\"Depuis plusieurs ann\u00e9es, le masque Ngil (du peuple fang) se trouve au c\u0153ur d\u2019un d\u00e9bat br\u00fblant autour de la restitution du patrimoine africain.\" \/>\n<meta property=\"og:url\" content=\"https:\/\/dogons.org\/index.php\/2025\/12\/06\/masque-ngil-la-bataille-pour-la-restitution-du-tresor-sacre\/\" \/>\n<meta property=\"og:site_name\" content=\"Les Dogons du Togo\" \/>\n<meta property=\"article:published_time\" content=\"2025-12-06T17:44:50+00:00\" \/>\n<meta property=\"article:modified_time\" content=\"2026-04-18T08:22:48+00:00\" \/>\n<meta property=\"og:image\" content=\"https:\/\/dogons.org\/wp-content\/uploads\/2025\/12\/391dd58e-d6d0-47e1-96f2-1c97a103f877.png\" \/>\n\t<meta property=\"og:image:width\" content=\"1108\" \/>\n\t<meta property=\"og:image:height\" content=\"635\" \/>\n\t<meta property=\"og:image:type\" content=\"image\/png\" \/>\n<meta name=\"author\" content=\"Cit\u00e9 Dogon\" \/>\n<meta name=\"twitter:card\" content=\"summary_large_image\" \/>\n<meta name=\"twitter:label1\" content=\"\u00c9crit par\" \/>\n\t<meta name=\"twitter:data1\" content=\"Cit\u00e9 Dogon\" \/>\n\t<meta name=\"twitter:label2\" content=\"Dur\u00e9e de lecture estim\u00e9e\" \/>\n\t<meta name=\"twitter:data2\" content=\"4 minutes\" \/>\n<script type=\"application\/ld+json\" class=\"yoast-schema-graph\">{\"@context\":\"https:\\\/\\\/schema.org\",\"@graph\":[{\"@type\":\"Article\",\"@id\":\"https:\\\/\\\/dogons.org\\\/index.php\\\/2025\\\/12\\\/06\\\/masque-ngil-la-bataille-pour-la-restitution-du-tresor-sacre\\\/#article\",\"isPartOf\":{\"@id\":\"https:\\\/\\\/dogons.org\\\/index.php\\\/2025\\\/12\\\/06\\\/masque-ngil-la-bataille-pour-la-restitution-du-tresor-sacre\\\/\"},\"author\":{\"name\":\"Cit\u00e9 Dogon\",\"@id\":\"https:\\\/\\\/dogons.org\\\/#\\\/schema\\\/person\\\/4bbd372a6d0b2d763cbbc46fec25b046\"},\"headline\":\"Masque Ngil : la bataille pour la restitution du tr\u00e9sor sacr\u00e9\",\"datePublished\":\"2025-12-06T17:44:50+00:00\",\"dateModified\":\"2026-04-18T08:22:48+00:00\",\"mainEntityOfPage\":{\"@id\":\"https:\\\/\\\/dogons.org\\\/index.php\\\/2025\\\/12\\\/06\\\/masque-ngil-la-bataille-pour-la-restitution-du-tresor-sacre\\\/\"},\"wordCount\":898,\"commentCount\":0,\"image\":{\"@id\":\"https:\\\/\\\/dogons.org\\\/index.php\\\/2025\\\/12\\\/06\\\/masque-ngil-la-bataille-pour-la-restitution-du-tresor-sacre\\\/#primaryimage\"},\"thumbnailUrl\":\"https:\\\/\\\/dogons.org\\\/wp-content\\\/uploads\\\/2025\\\/12\\\/391dd58e-d6d0-47e1-96f2-1c97a103f877.png\",\"articleSection\":[\"Atrs et Lettres\"],\"inLanguage\":\"fr-FR\",\"potentialAction\":[{\"@type\":\"CommentAction\",\"name\":\"Comment\",\"target\":[\"https:\\\/\\\/dogons.org\\\/index.php\\\/2025\\\/12\\\/06\\\/masque-ngil-la-bataille-pour-la-restitution-du-tresor-sacre\\\/#respond\"]}]},{\"@type\":\"WebPage\",\"@id\":\"https:\\\/\\\/dogons.org\\\/index.php\\\/2025\\\/12\\\/06\\\/masque-ngil-la-bataille-pour-la-restitution-du-tresor-sacre\\\/\",\"url\":\"https:\\\/\\\/dogons.org\\\/index.php\\\/2025\\\/12\\\/06\\\/masque-ngil-la-bataille-pour-la-restitution-du-tresor-sacre\\\/\",\"name\":\"Masque Ngil : la bataille pour la restitution du tr\u00e9sor sacr\u00e9 - Les Dogons du Togo\",\"isPartOf\":{\"@id\":\"https:\\\/\\\/dogons.org\\\/#website\"},\"primaryImageOfPage\":{\"@id\":\"https:\\\/\\\/dogons.org\\\/index.php\\\/2025\\\/12\\\/06\\\/masque-ngil-la-bataille-pour-la-restitution-du-tresor-sacre\\\/#primaryimage\"},\"image\":{\"@id\":\"https:\\\/\\\/dogons.org\\\/index.php\\\/2025\\\/12\\\/06\\\/masque-ngil-la-bataille-pour-la-restitution-du-tresor-sacre\\\/#primaryimage\"},\"thumbnailUrl\":\"https:\\\/\\\/dogons.org\\\/wp-content\\\/uploads\\\/2025\\\/12\\\/391dd58e-d6d0-47e1-96f2-1c97a103f877.png\",\"datePublished\":\"2025-12-06T17:44:50+00:00\",\"dateModified\":\"2026-04-18T08:22:48+00:00\",\"author\":{\"@id\":\"https:\\\/\\\/dogons.org\\\/#\\\/schema\\\/person\\\/4bbd372a6d0b2d763cbbc46fec25b046\"},\"description\":\"Depuis plusieurs ann\u00e9es, le masque Ngil (du peuple fang) se trouve au c\u0153ur d\u2019un d\u00e9bat br\u00fblant autour de la restitution du patrimoine africain.\",\"breadcrumb\":{\"@id\":\"https:\\\/\\\/dogons.org\\\/index.php\\\/2025\\\/12\\\/06\\\/masque-ngil-la-bataille-pour-la-restitution-du-tresor-sacre\\\/#breadcrumb\"},\"inLanguage\":\"fr-FR\",\"potentialAction\":[{\"@type\":\"ReadAction\",\"target\":[\"https:\\\/\\\/dogons.org\\\/index.php\\\/2025\\\/12\\\/06\\\/masque-ngil-la-bataille-pour-la-restitution-du-tresor-sacre\\\/\"]}]},{\"@type\":\"ImageObject\",\"inLanguage\":\"fr-FR\",\"@id\":\"https:\\\/\\\/dogons.org\\\/index.php\\\/2025\\\/12\\\/06\\\/masque-ngil-la-bataille-pour-la-restitution-du-tresor-sacre\\\/#primaryimage\",\"url\":\"https:\\\/\\\/dogons.org\\\/wp-content\\\/uploads\\\/2025\\\/12\\\/391dd58e-d6d0-47e1-96f2-1c97a103f877.png\",\"contentUrl\":\"https:\\\/\\\/dogons.org\\\/wp-content\\\/uploads\\\/2025\\\/12\\\/391dd58e-d6d0-47e1-96f2-1c97a103f877.png\",\"width\":1108,\"height\":635},{\"@type\":\"BreadcrumbList\",\"@id\":\"https:\\\/\\\/dogons.org\\\/index.php\\\/2025\\\/12\\\/06\\\/masque-ngil-la-bataille-pour-la-restitution-du-tresor-sacre\\\/#breadcrumb\",\"itemListElement\":[{\"@type\":\"ListItem\",\"position\":1,\"name\":\"Accueil\",\"item\":\"https:\\\/\\\/dogons.org\\\/\"},{\"@type\":\"ListItem\",\"position\":2,\"name\":\"Masque Ngil : la bataille pour la restitution du tr\u00e9sor sacr\u00e9\"}]},{\"@type\":\"WebSite\",\"@id\":\"https:\\\/\\\/dogons.org\\\/#website\",\"url\":\"https:\\\/\\\/dogons.org\\\/\",\"name\":\"Les Dogons du Togo\",\"description\":\"Une initiative des ami(e)s de la philosophie, des sciences sociales, des arts et cultures du Togo\",\"potentialAction\":[{\"@type\":\"SearchAction\",\"target\":{\"@type\":\"EntryPoint\",\"urlTemplate\":\"https:\\\/\\\/dogons.org\\\/?s={search_term_string}\"},\"query-input\":{\"@type\":\"PropertyValueSpecification\",\"valueRequired\":true,\"valueName\":\"search_term_string\"}}],\"inLanguage\":\"fr-FR\"},{\"@type\":\"Person\",\"@id\":\"https:\\\/\\\/dogons.org\\\/#\\\/schema\\\/person\\\/4bbd372a6d0b2d763cbbc46fec25b046\",\"name\":\"Cit\u00e9 Dogon\",\"image\":{\"@type\":\"ImageObject\",\"inLanguage\":\"fr-FR\",\"@id\":\"https:\\\/\\\/secure.gravatar.com\\\/avatar\\\/4cbd265f86e4d75e76d41b7728e97e0bf129757d2a74a4403ef95f45fc9ef93d?s=96&d=mm&r=g\",\"url\":\"https:\\\/\\\/secure.gravatar.com\\\/avatar\\\/4cbd265f86e4d75e76d41b7728e97e0bf129757d2a74a4403ef95f45fc9ef93d?s=96&d=mm&r=g\",\"contentUrl\":\"https:\\\/\\\/secure.gravatar.com\\\/avatar\\\/4cbd265f86e4d75e76d41b7728e97e0bf129757d2a74a4403ef95f45fc9ef93d?s=96&d=mm&r=g\",\"caption\":\"Cit\u00e9 Dogon\"},\"sameAs\":[\"http:\\\/\\\/dogons.org\"],\"url\":\"https:\\\/\\\/dogons.org\\\/index.php\\\/author\\\/admin9750\\\/\"}]}<\/script>\n<!-- \/ Yoast SEO plugin. -->","yoast_head_json":{"title":"Masque Ngil : la bataille pour la restitution du tr\u00e9sor sacr\u00e9 - Les Dogons du Togo","description":"Depuis plusieurs ann\u00e9es, le masque Ngil (du peuple fang) se trouve au c\u0153ur d\u2019un d\u00e9bat br\u00fblant autour de la restitution du patrimoine africain.","robots":{"index":"index","follow":"follow","max-snippet":"max-snippet:-1","max-image-preview":"max-image-preview:large","max-video-preview":"max-video-preview:-1"},"canonical":"https:\/\/dogons.org\/index.php\/2025\/12\/06\/masque-ngil-la-bataille-pour-la-restitution-du-tresor-sacre\/","og_locale":"fr_FR","og_type":"article","og_title":"Masque Ngil : la bataille pour la restitution du tr\u00e9sor sacr\u00e9 - Les Dogons du Togo","og_description":"Depuis plusieurs ann\u00e9es, le masque Ngil (du peuple fang) se trouve au c\u0153ur d\u2019un d\u00e9bat br\u00fblant autour de la restitution du patrimoine africain.","og_url":"https:\/\/dogons.org\/index.php\/2025\/12\/06\/masque-ngil-la-bataille-pour-la-restitution-du-tresor-sacre\/","og_site_name":"Les Dogons du Togo","article_published_time":"2025-12-06T17:44:50+00:00","article_modified_time":"2026-04-18T08:22:48+00:00","og_image":[{"width":1108,"height":635,"url":"https:\/\/dogons.org\/wp-content\/uploads\/2025\/12\/391dd58e-d6d0-47e1-96f2-1c97a103f877.png","type":"image\/png"}],"author":"Cit\u00e9 Dogon","twitter_card":"summary_large_image","twitter_misc":{"\u00c9crit par":"Cit\u00e9 Dogon","Dur\u00e9e de lecture estim\u00e9e":"4 minutes"},"schema":{"@context":"https:\/\/schema.org","@graph":[{"@type":"Article","@id":"https:\/\/dogons.org\/index.php\/2025\/12\/06\/masque-ngil-la-bataille-pour-la-restitution-du-tresor-sacre\/#article","isPartOf":{"@id":"https:\/\/dogons.org\/index.php\/2025\/12\/06\/masque-ngil-la-bataille-pour-la-restitution-du-tresor-sacre\/"},"author":{"name":"Cit\u00e9 Dogon","@id":"https:\/\/dogons.org\/#\/schema\/person\/4bbd372a6d0b2d763cbbc46fec25b046"},"headline":"Masque Ngil : la bataille pour la restitution du tr\u00e9sor sacr\u00e9","datePublished":"2025-12-06T17:44:50+00:00","dateModified":"2026-04-18T08:22:48+00:00","mainEntityOfPage":{"@id":"https:\/\/dogons.org\/index.php\/2025\/12\/06\/masque-ngil-la-bataille-pour-la-restitution-du-tresor-sacre\/"},"wordCount":898,"commentCount":0,"image":{"@id":"https:\/\/dogons.org\/index.php\/2025\/12\/06\/masque-ngil-la-bataille-pour-la-restitution-du-tresor-sacre\/#primaryimage"},"thumbnailUrl":"https:\/\/dogons.org\/wp-content\/uploads\/2025\/12\/391dd58e-d6d0-47e1-96f2-1c97a103f877.png","articleSection":["Atrs et Lettres"],"inLanguage":"fr-FR","potentialAction":[{"@type":"CommentAction","name":"Comment","target":["https:\/\/dogons.org\/index.php\/2025\/12\/06\/masque-ngil-la-bataille-pour-la-restitution-du-tresor-sacre\/#respond"]}]},{"@type":"WebPage","@id":"https:\/\/dogons.org\/index.php\/2025\/12\/06\/masque-ngil-la-bataille-pour-la-restitution-du-tresor-sacre\/","url":"https:\/\/dogons.org\/index.php\/2025\/12\/06\/masque-ngil-la-bataille-pour-la-restitution-du-tresor-sacre\/","name":"Masque Ngil : la bataille pour la restitution du tr\u00e9sor sacr\u00e9 - Les Dogons du Togo","isPartOf":{"@id":"https:\/\/dogons.org\/#website"},"primaryImageOfPage":{"@id":"https:\/\/dogons.org\/index.php\/2025\/12\/06\/masque-ngil-la-bataille-pour-la-restitution-du-tresor-sacre\/#primaryimage"},"image":{"@id":"https:\/\/dogons.org\/index.php\/2025\/12\/06\/masque-ngil-la-bataille-pour-la-restitution-du-tresor-sacre\/#primaryimage"},"thumbnailUrl":"https:\/\/dogons.org\/wp-content\/uploads\/2025\/12\/391dd58e-d6d0-47e1-96f2-1c97a103f877.png","datePublished":"2025-12-06T17:44:50+00:00","dateModified":"2026-04-18T08:22:48+00:00","author":{"@id":"https:\/\/dogons.org\/#\/schema\/person\/4bbd372a6d0b2d763cbbc46fec25b046"},"description":"Depuis plusieurs ann\u00e9es, le masque Ngil (du peuple fang) se trouve au c\u0153ur d\u2019un d\u00e9bat br\u00fblant autour de la restitution du patrimoine africain.","breadcrumb":{"@id":"https:\/\/dogons.org\/index.php\/2025\/12\/06\/masque-ngil-la-bataille-pour-la-restitution-du-tresor-sacre\/#breadcrumb"},"inLanguage":"fr-FR","potentialAction":[{"@type":"ReadAction","target":["https:\/\/dogons.org\/index.php\/2025\/12\/06\/masque-ngil-la-bataille-pour-la-restitution-du-tresor-sacre\/"]}]},{"@type":"ImageObject","inLanguage":"fr-FR","@id":"https:\/\/dogons.org\/index.php\/2025\/12\/06\/masque-ngil-la-bataille-pour-la-restitution-du-tresor-sacre\/#primaryimage","url":"https:\/\/dogons.org\/wp-content\/uploads\/2025\/12\/391dd58e-d6d0-47e1-96f2-1c97a103f877.png","contentUrl":"https:\/\/dogons.org\/wp-content\/uploads\/2025\/12\/391dd58e-d6d0-47e1-96f2-1c97a103f877.png","width":1108,"height":635},{"@type":"BreadcrumbList","@id":"https:\/\/dogons.org\/index.php\/2025\/12\/06\/masque-ngil-la-bataille-pour-la-restitution-du-tresor-sacre\/#breadcrumb","itemListElement":[{"@type":"ListItem","position":1,"name":"Accueil","item":"https:\/\/dogons.org\/"},{"@type":"ListItem","position":2,"name":"Masque Ngil : la bataille pour la restitution du tr\u00e9sor sacr\u00e9"}]},{"@type":"WebSite","@id":"https:\/\/dogons.org\/#website","url":"https:\/\/dogons.org\/","name":"Les Dogons du Togo","description":"Une initiative des ami(e)s de la philosophie, des sciences sociales, des arts et cultures du Togo","potentialAction":[{"@type":"SearchAction","target":{"@type":"EntryPoint","urlTemplate":"https:\/\/dogons.org\/?s={search_term_string}"},"query-input":{"@type":"PropertyValueSpecification","valueRequired":true,"valueName":"search_term_string"}}],"inLanguage":"fr-FR"},{"@type":"Person","@id":"https:\/\/dogons.org\/#\/schema\/person\/4bbd372a6d0b2d763cbbc46fec25b046","name":"Cit\u00e9 Dogon","image":{"@type":"ImageObject","inLanguage":"fr-FR","@id":"https:\/\/secure.gravatar.com\/avatar\/4cbd265f86e4d75e76d41b7728e97e0bf129757d2a74a4403ef95f45fc9ef93d?s=96&d=mm&r=g","url":"https:\/\/secure.gravatar.com\/avatar\/4cbd265f86e4d75e76d41b7728e97e0bf129757d2a74a4403ef95f45fc9ef93d?s=96&d=mm&r=g","contentUrl":"https:\/\/secure.gravatar.com\/avatar\/4cbd265f86e4d75e76d41b7728e97e0bf129757d2a74a4403ef95f45fc9ef93d?s=96&d=mm&r=g","caption":"Cit\u00e9 Dogon"},"sameAs":["https:\/\/dogons.org"],"url":"https:\/\/dogons.org\/index.php\/author\/admin9750\/"}]}},"_links":{"self":[{"href":"https:\/\/dogons.org\/index.php\/wp-json\/wp\/v2\/posts\/1311","targetHints":{"allow":["GET"]}}],"collection":[{"href":"https:\/\/dogons.org\/index.php\/wp-json\/wp\/v2\/posts"}],"about":[{"href":"https:\/\/dogons.org\/index.php\/wp-json\/wp\/v2\/types\/post"}],"author":[{"embeddable":true,"href":"https:\/\/dogons.org\/index.php\/wp-json\/wp\/v2\/users\/1"}],"replies":[{"embeddable":true,"href":"https:\/\/dogons.org\/index.php\/wp-json\/wp\/v2\/comments?post=1311"}],"version-history":[{"count":1,"href":"https:\/\/dogons.org\/index.php\/wp-json\/wp\/v2\/posts\/1311\/revisions"}],"predecessor-version":[{"id":1315,"href":"https:\/\/dogons.org\/index.php\/wp-json\/wp\/v2\/posts\/1311\/revisions\/1315"}],"wp:featuredmedia":[{"embeddable":true,"href":"https:\/\/dogons.org\/index.php\/wp-json\/wp\/v2\/media\/1312"}],"wp:attachment":[{"href":"https:\/\/dogons.org\/index.php\/wp-json\/wp\/v2\/media?parent=1311"}],"wp:term":[{"taxonomy":"category","embeddable":true,"href":"https:\/\/dogons.org\/index.php\/wp-json\/wp\/v2\/categories?post=1311"},{"taxonomy":"post_tag","embeddable":true,"href":"https:\/\/dogons.org\/index.php\/wp-json\/wp\/v2\/tags?post=1311"}],"curies":[{"name":"wp","href":"https:\/\/api.w.org\/{rel}","templated":true}]}}